{"id":1396,"date":"2025-07-11T12:09:08","date_gmt":"2025-07-11T15:09:08","guid":{"rendered":"https:\/\/mujeresconhistorias.uy\/?p=1396"},"modified":"2025-07-11T12:13:12","modified_gmt":"2025-07-11T15:13:12","slug":"aprendiendo-sobre-economia-feminista","status":"publish","type":"post","link":"https:\/\/mujeresconhistorias.uy\/?p=1396","title":{"rendered":"Aprendiendo sobre econom\u00eda feminista"},"content":{"rendered":"<p>[et_pb_section fb_built=\u00bb1&#8243; fullwidth=\u00bbon\u00bb admin_label=\u00bbPage Header\u00bb _builder_version=\u00bb4.27.4&#8243; background_image=\u00bbhttps:\/\/mujeresconhistorias.uy\/wp-content\/uploads\/2025\/07\/Clara-en-Encuentro-Economia-Feminista.jpeg\u00bb transform_scale_tablet=\u00bb\u00bb transform_scale_phone=\u00bb\u00bb transform_scale_last_edited=\u00bbon|phone\u00bb transform_translate_tablet=\u00bb\u00bb transform_translate_phone=\u00bb\u00bb transform_translate_last_edited=\u00bbon|phone\u00bb transform_rotate_tablet=\u00bb\u00bb transform_rotate_phone=\u00bb\u00bb transform_rotate_last_edited=\u00bbon|phone\u00bb transform_skew_tablet=\u00bb\u00bb transform_skew_phone=\u00bb\u00bb transform_skew_last_edited=\u00bbon|phone\u00bb transform_origin_tablet=\u00bb\u00bb transform_origin_phone=\u00bb100%|0%\u00bb transform_origin_last_edited=\u00bbon|phone\u00bb transform_styles_last_edited=\u00bbon|phone\u00bb width=\u00bb100%\u00bb width_tablet=\u00bb91%\u00bb width_phone=\u00bb100%\u00bb width_last_edited=\u00bbon|phone\u00bb max_width=\u00bb100%\u00bb min_height=\u00bb313px\u00bb min_height_tablet=\u00bb313px\u00bb min_height_phone=\u00bb402px\u00bb min_height_last_edited=\u00bbon|phone\u00bb height=\u00bb491px\u00bb height_tablet=\u00bb383px\u00bb height_phone=\u00bb222px\u00bb height_last_edited=\u00bbon|desktop\u00bb max_height=\u00bb418px\u00bb hover_enabled=\u00bb0&#8243; transform_styles_tablet=\u00bb\u00bb transform_styles_phone=\u00bb\u00bb global_colors_info=\u00bb{}\u00bb theme_builder_area=\u00bbpost_content\u00bb title_text=\u00bbClara en Encuentro Economi\u0301a Feminista\u00bb sticky_enabled=\u00bb0&#8243;][\/et_pb_section][et_pb_section fb_built=\u00bb1&#8243; admin_label=\u00bbServices\u00bb _builder_version=\u00bb4.16&#8243; custom_padding=\u00bb9px|0px|25px|0px||\u00bb global_colors_info=\u00bb{}\u00bb theme_builder_area=\u00bbpost_content\u00bb][et_pb_row _builder_version=\u00bb4.16&#8243; background_size=\u00bbinitial\u00bb background_position=\u00bbtop_left\u00bb background_repeat=\u00bbrepeat\u00bb custom_padding=\u00bb17px|||||\u00bb global_colors_info=\u00bb{}\u00bb theme_builder_area=\u00bbpost_content\u00bb][et_pb_column type=\u00bb4_4&#8243; _builder_version=\u00bb4.16&#8243; background_position=\u00bbtop_left\u00bb custom_padding=\u00bb|||\u00bb global_colors_info=\u00bb{}\u00bb custom_padding__hover=\u00bb|||\u00bb theme_builder_area=\u00bbpost_content\u00bb][et_pb_blurb url=\u00bb#\u00bb image_icon_width=\u00bb60px\u00bb admin_label=\u00bbService 01&#8243; _builder_version=\u00bb4.23&#8243; header_level=\u00bbh5&#8243; header_font=\u00bbMontserrat||||\u00bb header_text_color=\u00bb#6b5b8b\u00bb header_font_size=\u00bb22px\u00bb header_line_height=\u00bb1.8em\u00bb body_font_size=\u00bb16px\u00bb body_line_height=\u00bb1.9em\u00bb background_size=\u00bbinitial\u00bb background_position=\u00bbtop_left\u00bb background_repeat=\u00bbrepeat\u00bb text_orientation=\u00bbcenter\u00bb animation_style=\u00bbfold\u00bb animation_direction=\u00bbbottom\u00bb animation_intensity_fold=\u00bb30%\u00bb icon_font_size=\u00bb60px\u00bb global_colors_info=\u00bb{}\u00bb theme_builder_area=\u00bbpost_content\u00bb]<\/p>\n<div dir=\"auto\">\n<p data-start=\"292\" data-end=\"551\">Del 26 al 28 de marzo, nuestras compa\u00f1eras <strong data-start=\"348\" data-end=\"363\">Clara Piriz<\/strong> y <strong data-start=\"366\" data-end=\"381\">Mariana Gil<\/strong> representaron a <em data-start=\"398\" data-end=\"421\">Mujeres con Historias<\/em> en el <strong data-start=\"428\" data-end=\"481\">Encuentro de Econom\u00eda Feminista Abya Yala (EEFAY)<\/strong>, realizado en la Universidad Nacional de San Mart\u00edn, en Buenos Aires.<\/p>\n<p data-start=\"553\" data-end=\"717\">Durante tres jornadas, el trabajo se organiz\u00f3 en torno a seis comisiones tem\u00e1ticas que articularon saberes acad\u00e9micos con experiencias territoriales y comunitarias:<\/p>\n<ul>\n<li data-start=\"719\" data-end=\"1072\" style=\"text-align: left;\">La potencia transformadora de los cuidados<\/li>\n<li data-start=\"719\" data-end=\"1072\" style=\"text-align: left;\">Sistema financiero, deudas y dinero<\/li>\n<li data-start=\"719\" data-end=\"1072\" style=\"text-align: left;\">Contra la ultraderecha: interpretar y enfrentar su avance<\/li>\n<li data-start=\"719\" data-end=\"1072\" style=\"text-align: left;\">Procesos sociales cr\u00edticos para construir una resistencia com\u00fan<\/li>\n<li data-start=\"719\" data-end=\"1072\" style=\"text-align: left;\">Tiempos y miedos del sistema como control cultural, social y pol\u00edtico<\/li>\n<li data-start=\"719\" data-end=\"1072\" style=\"text-align: left;\">Expresiones art\u00edstico-culturales desde la econom\u00eda feminista<\/li>\n<\/ul>\n<p data-start=\"1074\" data-end=\"1337\">Participar de este espacio regional fue profundamente enriquecedor y nos reafirma en la convicci\u00f3n de que <strong data-start=\"1180\" data-end=\"1259\">la vivienda colaborativa feminista es tambi\u00e9n una apuesta por otra econom\u00eda<\/strong>, basada en los v\u00ednculos, el cuidado, la autonom\u00eda y la resistencia colectiva.<\/p>\n<\/div>\n<div dir=\"auto\"><\/div>\n<p style=\"text-align: left;\">\n<p>[\/et_pb_blurb][\/et_pb_column][\/et_pb_row][\/et_pb_section]<\/p>\n","protected":false},"excerpt":{"rendered":"<p>Del 26 al 28 de marzo, nuestras compa\u00f1eras Clara Piriz y Mariana Gil representaron a Mujeres con Historias en el Encuentro de Econom\u00eda Feminista Abya Yala (EEFAY), realizado en la Universidad Nacional de San Mart\u00edn, en Buenos Aires. Durante tres jornadas, el trabajo se organiz\u00f3 en torno a seis comisiones tem\u00e1ticas que articularon saberes acad\u00e9micos [&hellip;]<\/p>\n","protected":false},"author":1,"featured_media":0,"comment_status":"closed","ping_status":"closed","sticky":false,"template":"","format":"standard","meta":{"_et_pb_use_builder":"on","_et_pb_old_content":"","_et_gb_content_width":"","_themeisle_gutenberg_block_has_review":false,"footnotes":""},"categories":[1],"tags":[],"class_list":["post-1396","post","type-post","status-publish","format-standard","hentry","category-actividades"],"_links":{"self":[{"href":"https:\/\/mujeresconhistorias.uy\/index.php?rest_route=\/wp\/v2\/posts\/1396","targetHints":{"allow":["GET"]}}],"collection":[{"href":"https:\/\/mujeresconhistorias.uy\/index.php?rest_route=\/wp\/v2\/posts"}],"about":[{"href":"https:\/\/mujeresconhistorias.uy\/index.php?rest_route=\/wp\/v2\/types\/post"}],"author":[{"embeddable":true,"href":"https:\/\/mujeresconhistorias.uy\/index.php?rest_route=\/wp\/v2\/users\/1"}],"replies":[{"embeddable":true,"href":"https:\/\/mujeresconhistorias.uy\/index.php?rest_route=%2Fwp%2Fv2%2Fcomments&post=1396"}],"version-history":[{"count":2,"href":"https:\/\/mujeresconhistorias.uy\/index.php?rest_route=\/wp\/v2\/posts\/1396\/revisions"}],"predecessor-version":[{"id":1400,"href":"https:\/\/mujeresconhistorias.uy\/index.php?rest_route=\/wp\/v2\/posts\/1396\/revisions\/1400"}],"wp:attachment":[{"href":"https:\/\/mujeresconhistorias.uy\/index.php?rest_route=%2Fwp%2Fv2%2Fmedia&parent=1396"}],"wp:term":[{"taxonomy":"category","embeddable":true,"href":"https:\/\/mujeresconhistorias.uy\/index.php?rest_route=%2Fwp%2Fv2%2Fcategories&post=1396"},{"taxonomy":"post_tag","embeddable":true,"href":"https:\/\/mujeresconhistorias.uy\/index.php?rest_route=%2Fwp%2Fv2%2Ftags&post=1396"}],"curies":[{"name":"wp","href":"https:\/\/api.w.org\/{rel}","templated":true}]}}