{"id":1414,"date":"2025-07-11T12:34:29","date_gmt":"2025-07-11T15:34:29","guid":{"rendered":"https:\/\/mujeresconhistorias.uy\/?p=1414"},"modified":"2025-07-11T12:34:29","modified_gmt":"2025-07-11T15:34:29","slug":"participamos-activamente-del-proceso-la-vivienda-en-dialogo","status":"publish","type":"post","link":"https:\/\/mujeresconhistorias.uy\/?p=1414","title":{"rendered":"Participamos activamente del proceso La Vivienda en Di\u00e1logo"},"content":{"rendered":"<p>[et_pb_section fb_built=\u00bb1&#8243; fullwidth=\u00bbon\u00bb admin_label=\u00bbPage Header\u00bb _builder_version=\u00bb4.27.4&#8243; background_image=\u00bbhttps:\/\/mujeresconhistorias.uy\/wp-content\/uploads\/2025\/07\/5adaf40a-0b7a-4eb2-b36e-f66670907a1a_LVD-icono.webp\u00bb transform_scale_tablet=\u00bb\u00bb transform_scale_phone=\u00bb\u00bb transform_scale_last_edited=\u00bbon|phone\u00bb transform_translate_tablet=\u00bb\u00bb transform_translate_phone=\u00bb\u00bb transform_translate_last_edited=\u00bbon|phone\u00bb transform_rotate_tablet=\u00bb\u00bb transform_rotate_phone=\u00bb\u00bb transform_rotate_last_edited=\u00bbon|phone\u00bb transform_skew_tablet=\u00bb\u00bb transform_skew_phone=\u00bb\u00bb transform_skew_last_edited=\u00bbon|phone\u00bb transform_origin_tablet=\u00bb\u00bb transform_origin_phone=\u00bb100%|0%\u00bb transform_origin_last_edited=\u00bbon|phone\u00bb transform_styles_last_edited=\u00bbon|phone\u00bb width=\u00bb100%\u00bb width_tablet=\u00bb91%\u00bb width_phone=\u00bb100%\u00bb width_last_edited=\u00bbon|phone\u00bb max_width=\u00bb100%\u00bb min_height=\u00bb313px\u00bb min_height_tablet=\u00bb313px\u00bb min_height_phone=\u00bb402px\u00bb min_height_last_edited=\u00bbon|phone\u00bb height=\u00bb491px\u00bb height_tablet=\u00bb383px\u00bb height_phone=\u00bb222px\u00bb height_last_edited=\u00bbon|desktop\u00bb max_height=\u00bb418px\u00bb transform_styles_tablet=\u00bb\u00bb transform_styles_phone=\u00bb\u00bb global_colors_info=\u00bb{}\u00bb theme_builder_area=\u00bbpost_content\u00bb title_text=\u00bb5adaf40a-0b7a-4eb2-b36e-f66670907a1a_LVD-icono\u00bb background_size=\u00bbcontain\u00bb hover_enabled=\u00bb0&#8243; sticky_enabled=\u00bb0&#8243;][\/et_pb_section][et_pb_section fb_built=\u00bb1&#8243; admin_label=\u00bbServices\u00bb _builder_version=\u00bb4.16&#8243; custom_padding=\u00bb9px|0px|25px|0px||\u00bb global_colors_info=\u00bb{}\u00bb theme_builder_area=\u00bbpost_content\u00bb][et_pb_row _builder_version=\u00bb4.16&#8243; background_size=\u00bbinitial\u00bb background_position=\u00bbtop_left\u00bb background_repeat=\u00bbrepeat\u00bb custom_padding=\u00bb17px|||||\u00bb global_colors_info=\u00bb{}\u00bb theme_builder_area=\u00bbpost_content\u00bb][et_pb_column type=\u00bb4_4&#8243; _builder_version=\u00bb4.16&#8243; background_position=\u00bbtop_left\u00bb custom_padding=\u00bb|||\u00bb global_colors_info=\u00bb{}\u00bb custom_padding__hover=\u00bb|||\u00bb theme_builder_area=\u00bbpost_content\u00bb][et_pb_blurb url=\u00bb#\u00bb image_icon_width=\u00bb60px\u00bb admin_label=\u00bbService 01&#8243; _builder_version=\u00bb4.23&#8243; header_level=\u00bbh5&#8243; header_font=\u00bbMontserrat||||\u00bb header_text_color=\u00bb#6b5b8b\u00bb header_font_size=\u00bb22px\u00bb header_line_height=\u00bb1.8em\u00bb body_font_size=\u00bb16px\u00bb body_line_height=\u00bb1.9em\u00bb background_size=\u00bbinitial\u00bb background_position=\u00bbtop_left\u00bb background_repeat=\u00bbrepeat\u00bb text_orientation=\u00bbcenter\u00bb animation_style=\u00bbfold\u00bb animation_direction=\u00bbbottom\u00bb animation_intensity_fold=\u00bb30%\u00bb icon_font_size=\u00bb60px\u00bb global_colors_info=\u00bb{}\u00bb theme_builder_area=\u00bbpost_content\u00bb]<\/p>\n<div dir=\"auto\">\n<p><span style=\"font-weight: 400;\">Como parte de las organizaciones que integran el espacio interinstitucional<\/span><a href=\"https:\/\/linktr.ee\/LaViviendaenDialogo\"> <span style=\"font-weight: 400;\">La Vivienda en Di\u00e1logo<\/span><\/a><span style=\"font-weight: 400;\">, <\/span><i><span style=\"font-weight: 400;\">Mujeres con Historias<\/span><\/i><span style=\"font-weight: 400;\"> participa de manera activa en las reuniones mensuales y en los espacios de articulaci\u00f3n nacional.<\/span><\/p>\n<p><span style=\"font-weight: 400;\">En ese marco, asistimos a las tres primeras reuniones de la Comisi\u00f3n Asesora de Vivienda (COAVI):<\/span><\/p>\n<p style=\"text-align: left;\"><span style=\"font-weight: 400;\">\ud83d\udccd El 29 de mayo, en Durazno, en la primera instancia del ciclo.<\/span><span style=\"font-weight: 400;\"><br \/><\/span><span style=\"font-weight: 400;\"> \ud83d\udccd Luego, en Canelones, en la segunda reuni\u00f3n (ver publicaci\u00f3n<\/span><a href=\"https:\/\/www.instagram.com\/p\/DJ7e21oSUYb\/?hl=es\"> <span style=\"font-weight: 400;\">aqu\u00ed<\/span><\/a><span style=\"font-weight: 400;\">).<\/span><span style=\"font-weight: 400;\"><br \/><\/span><span style=\"font-weight: 400;\"> \ud83d\udccd Y el 17 de junio, en la tercera reuni\u00f3n celebrada en Montevideo.<\/span><\/p>\n<p><span style=\"font-weight: 400;\">Estos espacios son claves para incidir en las pol\u00edticas p\u00fablicas de vivienda desde una perspectiva colectiva, feminista y autogestionada. Seguimos impulsando, junto a otras organizaciones, propuestas que respondan a las necesidades reales de habitar dignamente.<\/span><\/p>\n<\/div>\n<div dir=\"auto\"><\/div>\n<p style=\"text-align: left;\">\n<p>[\/et_pb_blurb][\/et_pb_column][\/et_pb_row][\/et_pb_section]<\/p>\n","protected":false},"excerpt":{"rendered":"<p>Como parte de las organizaciones que integran el espacio interinstitucional La Vivienda en Di\u00e1logo, Mujeres con Historias participa de manera activa en las reuniones mensuales y en los espacios de articulaci\u00f3n nacional. En ese marco, asistimos a las tres primeras reuniones de la Comisi\u00f3n Asesora de Vivienda (COAVI): \ud83d\udccd El 29 de mayo, en Durazno, [&hellip;]<\/p>\n","protected":false},"author":1,"featured_media":0,"comment_status":"closed","ping_status":"closed","sticky":false,"template":"","format":"standard","meta":{"_et_pb_use_builder":"on","_et_pb_old_content":"","_et_gb_content_width":"","_themeisle_gutenberg_block_has_review":false,"footnotes":""},"categories":[1],"tags":[],"class_list":["post-1414","post","type-post","status-publish","format-standard","hentry","category-actividades"],"_links":{"self":[{"href":"https:\/\/mujeresconhistorias.uy\/index.php?rest_route=\/wp\/v2\/posts\/1414","targetHints":{"allow":["GET"]}}],"collection":[{"href":"https:\/\/mujeresconhistorias.uy\/index.php?rest_route=\/wp\/v2\/posts"}],"about":[{"href":"https:\/\/mujeresconhistorias.uy\/index.php?rest_route=\/wp\/v2\/types\/post"}],"author":[{"embeddable":true,"href":"https:\/\/mujeresconhistorias.uy\/index.php?rest_route=\/wp\/v2\/users\/1"}],"replies":[{"embeddable":true,"href":"https:\/\/mujeresconhistorias.uy\/index.php?rest_route=%2Fwp%2Fv2%2Fcomments&post=1414"}],"version-history":[{"count":2,"href":"https:\/\/mujeresconhistorias.uy\/index.php?rest_route=\/wp\/v2\/posts\/1414\/revisions"}],"predecessor-version":[{"id":1419,"href":"https:\/\/mujeresconhistorias.uy\/index.php?rest_route=\/wp\/v2\/posts\/1414\/revisions\/1419"}],"wp:attachment":[{"href":"https:\/\/mujeresconhistorias.uy\/index.php?rest_route=%2Fwp%2Fv2%2Fmedia&parent=1414"}],"wp:term":[{"taxonomy":"category","embeddable":true,"href":"https:\/\/mujeresconhistorias.uy\/index.php?rest_route=%2Fwp%2Fv2%2Fcategories&post=1414"},{"taxonomy":"post_tag","embeddable":true,"href":"https:\/\/mujeresconhistorias.uy\/index.php?rest_route=%2Fwp%2Fv2%2Ftags&post=1414"}],"curies":[{"name":"wp","href":"https:\/\/api.w.org\/{rel}","templated":true}]}}